{"id":2404,"date":"2026-09-04T15:43:07","date_gmt":"2026-09-04T18:43:07","guid":{"rendered":"https:\/\/eleniceterapeuta.com.br\/site\/?p=2404"},"modified":"2026-07-16T15:47:58","modified_gmt":"2026-07-16T18:47:58","slug":"crise-de-proposito-e-vazio-no-sucesso","status":"publish","type":"post","link":"https:\/\/eleniceterapeuta.com.br\/site\/2026\/09\/04\/crise-de-proposito-e-vazio-no-sucesso\/","title":{"rendered":"O Vazio do Sucesso: Por que atingir metas n\u00e3o preenche o vazio interno?"},"content":{"rendered":"<h1 data-path-to-node=\"5\">O Vazio do Sucesso: Por que atingir metas n\u00e3o te faz feliz?<\/h1>\n<p data-path-to-node=\"6\">\u00c9 extremamente comum receber no consult\u00f3rio pessoas que finalmente atingiram o topo da montanha que passaram a vida inteira planejando subir.<\/p>\n<p data-path-to-node=\"7\">Elas conquistaram o cargo desejado, o sal\u00e1rio ideal, a casa pr\u00f3pria e todo o reconhecimento social que o mercado valoriza. No entanto, ao chegarem l\u00e1 em cima, deparam-se com um <b data-path-to-node=\"7\" data-index-in-node=\"177\">vazio desconcertante<\/b>.<\/p>\n<p data-path-to-node=\"8\">Em sil\u00eancio, elas se perguntam: <i data-path-to-node=\"8\" data-index-in-node=\"32\">&#8220;Ser\u00e1 que \u00e9 s\u00f3 isso?&#8221;<\/i>.<\/p>\n<p data-path-to-node=\"9\">Esse fen\u00f4meno doloroso \u00e9 o que chamamos de <b data-path-to-node=\"9\" data-index-in-node=\"43\">&#8220;vazio do sucesso&#8221;<\/b>. Ele acontece porque muitos de n\u00f3s passamos anos correndo atr\u00e1s de &#8220;cenouras&#8221; e expectativas que a sociedade, a cultura corporativa ou a nossa pr\u00f3pria fam\u00edlia colocaram \u00e0 nossa frente \u2014 sem nunca parar para questionar se aquelas metas faziam real sentido para n\u00f3s.<\/p>\n<h2 data-path-to-node=\"11\">O Balde Furado da Aprova\u00e7\u00e3o Externa<\/h2>\n<p data-path-to-node=\"12\">Quando buscamos o sucesso apenas como uma estrat\u00e9gia de defesa para compensar uma sensa\u00e7\u00e3o \u00edntima de inferioridade, ou para provar o nosso valor a algu\u00e9m, a conquista nunca ser\u00e1 suficiente.<\/p>\n<p data-path-to-node=\"13\">Essa din\u00e2mica \u00e9 muito comum em alguns perfis do Eneagrama:<\/p>\n<ul data-path-to-node=\"14\">\n<li>\n<p data-path-to-node=\"14,0,0\"><b data-path-to-node=\"14,0,0\" data-index-in-node=\"0\">O Tipo 3 (O Realizador):<\/b> Que busca o status e a performance impec\u00e1vel para se sentir amado e valorizado.<\/p>\n<\/li>\n<li>\n<p data-path-to-node=\"14,1,0\"><b data-path-to-node=\"14,1,0\" data-index-in-node=\"0\">O Tipo 1 (O Perfeccionista):<\/b> Que se cobra rigidamente para ser impec\u00e1vel e evitar qualquer tipo de cr\u00edtica ou erro.<\/p>\n<\/li>\n<\/ul>\n<p data-path-to-node=\"15\">Tentar preencher o seu vazio interior com conquistas externas \u00e9 como tentar <b data-path-to-node=\"15\" data-index-in-node=\"76\">encher um balde furado<\/b>. Por mais reconhecimento, dinheiro ou status que voc\u00ea jogue ali dentro, ele nunca se acumula e o sentimento de insufici\u00eancia logo retorna.<\/p>\n<p data-path-to-node=\"16\">O sucesso exterior sem a devida satisfa\u00e7\u00e3o interior \u00e9, na verdade, uma m\u00e1scara dourada que esconde altos n\u00edveis de ansiedade e esgotamento.<\/p>\n<h2 data-path-to-node=\"18\">Separando Quem Voc\u00ea &#8220;\u00c9&#8221; do que Voc\u00ea &#8220;Faz&#8221;<\/h2>\n<p data-path-to-node=\"19\">A verdadeira jornada de cura e reconex\u00e3o profissional consiste em separar a sua identidade dos seus resultados.<\/p>\n<p data-path-to-node=\"20\">Se o seu valor pr\u00f3prio e a sua paz de esp\u00edrito dependem inteiramente do seu pr\u00f3ximo resultado trimestral, voc\u00ea estar\u00e1 condenada a viver em uma <b data-path-to-node=\"20\" data-index-in-node=\"143\">montanha-russa emocional eterna<\/b>.<\/p>\n<blockquote data-path-to-node=\"21\">\n<p data-path-to-node=\"21,0\"><b data-path-to-node=\"21,0\" data-index-in-node=\"0\">O verdadeiro sucesso n\u00e3o consiste em chegar ao topo da montanha, mas sim em gostar da pessoa que voc\u00ea est\u00e1 se tornando enquanto faz a subida.<\/b><\/p>\n<\/blockquote>\n<p data-path-to-node=\"22\">No processo terap\u00eautico, n\u00f3s redesenhamos o seu conceito de sucesso. Trabalhamos para que a sua jornada profissional inclua paz mental, relacionamentos saud\u00e1veis e, principalmente, um alinhamento sincero com os seus valores de alma mais profundos.<\/p>\n<h3 data-path-to-node=\"24\">Reencontre o sentido por tr\u00e1s das suas conquistas<\/h3>\n<p data-path-to-node=\"25\">Se voc\u00ea tem enfrentado essa crise de prop\u00f3sito e sucesso profissional, e deseja reencontrar a leveza e o significado na sua trajet\u00f3ria, o <b data-path-to-node=\"25\" data-index-in-node=\"138\">M\u00e9todo TRACE<\/b> foi feito para voc\u00ea.<\/p>\n<p data-path-to-node=\"26\">Ao cruzar a sabedoria do <b data-path-to-node=\"26\" data-index-in-node=\"25\">Eneagrama<\/b> com o olhar sist\u00eamico da <b data-path-to-node=\"26\" data-index-in-node=\"60\">Constela\u00e7\u00e3o Familiar<\/b> e as ferramentas da <b data-path-to-node=\"26\" data-index-in-node=\"101\">Terapia Integrativa<\/b>, n\u00f3s identificamos as lealdades invis\u00edveis que te fazem correr sem sair do lugar, abrindo espa\u00e7o para voc\u00ea viver com verdadeira autonomia.<\/p>\n","protected":false},"excerpt":{"rendered":"<p>O Vazio do Sucesso: Por que atingir metas n\u00e3o te faz feliz? \u00c9 extremamente comum receber no consult\u00f3rio pessoas que finalmente atingiram o topo da montanha que passaram a vida inteira planejando subir. Elas conquistaram o cargo desejado, o sal\u00e1rio ideal, a casa pr\u00f3pria e todo o reconhecimento social que o mercado valoriza. No entanto, [&hellip;]<\/p>\n","protected":false},"author":5,"featured_media":2405,"comment_status":"closed","ping_status":"closed","sticky":false,"template":"","format":"standard","meta":{"_joinchat":[],"footnotes":""},"categories":[26],"tags":[95,96,83,32,65,98,97],"class_list":["post-2404","post","type-post","status-publish","format-standard","has-post-thumbnail","hentry","category-blog-elenice","tag-crise-de-proposito","tag-felicidade","tag-mentoria-comportamental","tag-saude-mental","tag-sucesso-profissional","tag-terapia-para-executivos","tag-vazio-emocional"],"yoast_head":"<!-- This site is optimized with the Yoast SEO plugin v26.1.1 - https:\/\/yoast.com\/wordpress\/plugins\/seo\/ -->\n<title>O Vazio do Sucesso: Por que atingir metas n\u00e3o preenche o vazio interno? - Elenice<\/title>\n<meta name=\"description\" content=\"Conquistou tudo o que planejou, mas ainda se sente infeliz? Entenda a psicologia da crise de prop\u00f3sito e sucesso profissional, e como o M\u00e9todo TRACE devolve o sentido \u00e0 sua vida.\" \/>\n<meta name=\"robots\" content=\"index, follow, max-snippet:-1, max-image-preview:large, max-video-preview:-1\" \/>\n<link rel=\"canonical\" href=\"https:\/\/eleniceterapeuta.com.br\/site\/2026\/09\/04\/crise-de-proposito-e-vazio-no-sucesso\/\" \/>\n<meta property=\"og:locale\" content=\"pt_BR\" \/>\n<meta property=\"og:type\" content=\"article\" \/>\n<meta property=\"og:title\" content=\"O Vazio do Sucesso: Por que atingir metas n\u00e3o preenche o vazio interno? - Elenice\" \/>\n<meta property=\"og:description\" content=\"Conquistou tudo o que planejou, mas ainda se sente infeliz? Entenda a psicologia da crise de prop\u00f3sito e sucesso profissional, e como o M\u00e9todo TRACE devolve o sentido \u00e0 sua vida.\" \/>\n<meta property=\"og:url\" content=\"https:\/\/eleniceterapeuta.com.br\/site\/2026\/09\/04\/crise-de-proposito-e-vazio-no-sucesso\/\" \/>\n<meta property=\"og:site_name\" content=\"Elenice\" \/>\n<meta property=\"article:published_time\" content=\"2026-09-04T18:43:07+00:00\" \/>\n<meta property=\"og:image\" content=\"https:\/\/eleniceterapeuta.com.br\/site\/wp-content\/uploads\/2026\/07\/pexels-rodeo-software-515182715-16368794.jpg\" \/>\n\t<meta property=\"og:image:width\" content=\"1200\" \/>\n\t<meta property=\"og:image:height\" content=\"800\" \/>\n\t<meta property=\"og:image:type\" content=\"image\/jpeg\" \/>\n<meta name=\"author\" content=\"Elenice Novello\" \/>\n<meta name=\"twitter:card\" content=\"summary_large_image\" \/>\n<meta name=\"twitter:label1\" content=\"Escrito por\" \/>\n\t<meta name=\"twitter:data1\" content=\"Elenice Novello\" \/>\n\t<meta name=\"twitter:label2\" content=\"Est. tempo de leitura\" \/>\n\t<meta name=\"twitter:data2\" content=\"3 minutos\" \/>\n<script type=\"application\/ld+json\" class=\"yoast-schema-graph\">{\"@context\":\"https:\/\/schema.org\",\"@graph\":[{\"@type\":\"WebPage\",\"@id\":\"https:\/\/eleniceterapeuta.com.br\/site\/2026\/09\/04\/crise-de-proposito-e-vazio-no-sucesso\/\",\"url\":\"https:\/\/eleniceterapeuta.com.br\/site\/2026\/09\/04\/crise-de-proposito-e-vazio-no-sucesso\/\",\"name\":\"O Vazio do Sucesso: Por que atingir metas n\u00e3o preenche o vazio interno? - Elenice\",\"isPartOf\":{\"@id\":\"https:\/\/eleniceterapeuta.com.br\/site\/#website\"},\"primaryImageOfPage\":{\"@id\":\"https:\/\/eleniceterapeuta.com.br\/site\/2026\/09\/04\/crise-de-proposito-e-vazio-no-sucesso\/#primaryimage\"},\"image\":{\"@id\":\"https:\/\/eleniceterapeuta.com.br\/site\/2026\/09\/04\/crise-de-proposito-e-vazio-no-sucesso\/#primaryimage\"},\"thumbnailUrl\":\"https:\/\/eleniceterapeuta.com.br\/site\/wp-content\/uploads\/2026\/07\/pexels-rodeo-software-515182715-16368794.jpg\",\"datePublished\":\"2026-09-04T18:43:07+00:00\",\"author\":{\"@id\":\"https:\/\/eleniceterapeuta.com.br\/site\/#\/schema\/person\/3ea9c97927187c218e8ccc99dfca9aa1\"},\"description\":\"Conquistou tudo o que planejou, mas ainda se sente infeliz? Entenda a psicologia da crise de prop\u00f3sito e sucesso profissional, e como o M\u00e9todo TRACE devolve o sentido \u00e0 sua vida.\",\"breadcrumb\":{\"@id\":\"https:\/\/eleniceterapeuta.com.br\/site\/2026\/09\/04\/crise-de-proposito-e-vazio-no-sucesso\/#breadcrumb\"},\"inLanguage\":\"pt-BR\",\"potentialAction\":[{\"@type\":\"ReadAction\",\"target\":[\"https:\/\/eleniceterapeuta.com.br\/site\/2026\/09\/04\/crise-de-proposito-e-vazio-no-sucesso\/\"]}]},{\"@type\":\"ImageObject\",\"inLanguage\":\"pt-BR\",\"@id\":\"https:\/\/eleniceterapeuta.com.br\/site\/2026\/09\/04\/crise-de-proposito-e-vazio-no-sucesso\/#primaryimage\",\"url\":\"https:\/\/eleniceterapeuta.com.br\/site\/wp-content\/uploads\/2026\/07\/pexels-rodeo-software-515182715-16368794.jpg\",\"contentUrl\":\"https:\/\/eleniceterapeuta.com.br\/site\/wp-content\/uploads\/2026\/07\/pexels-rodeo-software-515182715-16368794.jpg\",\"width\":1200,\"height\":800},{\"@type\":\"BreadcrumbList\",\"@id\":\"https:\/\/eleniceterapeuta.com.br\/site\/2026\/09\/04\/crise-de-proposito-e-vazio-no-sucesso\/#breadcrumb\",\"itemListElement\":[{\"@type\":\"ListItem\",\"position\":1,\"name\":\"In\u00edcio\",\"item\":\"https:\/\/eleniceterapeuta.com.br\/site\/\"},{\"@type\":\"ListItem\",\"position\":2,\"name\":\"O Vazio do Sucesso: Por que atingir metas n\u00e3o preenche o vazio interno?\"}]},{\"@type\":\"WebSite\",\"@id\":\"https:\/\/eleniceterapeuta.com.br\/site\/#website\",\"url\":\"https:\/\/eleniceterapeuta.com.br\/site\/\",\"name\":\"Elenice\",\"description\":\"Terapias Integrativas\",\"alternateName\":\"Elenice Terapeuta\",\"potentialAction\":[{\"@type\":\"SearchAction\",\"target\":{\"@type\":\"EntryPoint\",\"urlTemplate\":\"https:\/\/eleniceterapeuta.com.br\/site\/?s={search_term_string}\"},\"query-input\":{\"@type\":\"PropertyValueSpecification\",\"valueRequired\":true,\"valueName\":\"search_term_string\"}}],\"inLanguage\":\"pt-BR\"},{\"@type\":\"Person\",\"@id\":\"https:\/\/eleniceterapeuta.com.br\/site\/#\/schema\/person\/3ea9c97927187c218e8ccc99dfca9aa1\",\"name\":\"Elenice Novello\",\"image\":{\"@type\":\"ImageObject\",\"inLanguage\":\"pt-BR\",\"@id\":\"https:\/\/eleniceterapeuta.com.br\/site\/#\/schema\/person\/image\/\",\"url\":\"https:\/\/secure.gravatar.com\/avatar\/859778a527ee19b59b7a351e7f69f0f5ff529a1db56e51569e5c3b57c9c85974?s=96&d=mm&r=g\",\"contentUrl\":\"https:\/\/secure.gravatar.com\/avatar\/859778a527ee19b59b7a351e7f69f0f5ff529a1db56e51569e5c3b57c9c85974?s=96&d=mm&r=g\",\"caption\":\"Elenice Novello\"},\"url\":\"https:\/\/eleniceterapeuta.com.br\/site\/author\/eleniceterapeuta\/\"}]}<\/script>\n<!-- \/ Yoast SEO plugin. -->","yoast_head_json":{"title":"O Vazio do Sucesso: Por que atingir metas n\u00e3o preenche o vazio interno? - Elenice","description":"Conquistou tudo o que planejou, mas ainda se sente infeliz? Entenda a psicologia da crise de prop\u00f3sito e sucesso profissional, e como o M\u00e9todo TRACE devolve o sentido \u00e0 sua vida.","robots":{"index":"index","follow":"follow","max-snippet":"max-snippet:-1","max-image-preview":"max-image-preview:large","max-video-preview":"max-video-preview:-1"},"canonical":"https:\/\/eleniceterapeuta.com.br\/site\/2026\/09\/04\/crise-de-proposito-e-vazio-no-sucesso\/","og_locale":"pt_BR","og_type":"article","og_title":"O Vazio do Sucesso: Por que atingir metas n\u00e3o preenche o vazio interno? - Elenice","og_description":"Conquistou tudo o que planejou, mas ainda se sente infeliz? Entenda a psicologia da crise de prop\u00f3sito e sucesso profissional, e como o M\u00e9todo TRACE devolve o sentido \u00e0 sua vida.","og_url":"https:\/\/eleniceterapeuta.com.br\/site\/2026\/09\/04\/crise-de-proposito-e-vazio-no-sucesso\/","og_site_name":"Elenice","article_published_time":"2026-09-04T18:43:07+00:00","og_image":[{"width":1200,"height":800,"url":"https:\/\/eleniceterapeuta.com.br\/site\/wp-content\/uploads\/2026\/07\/pexels-rodeo-software-515182715-16368794.jpg","type":"image\/jpeg"}],"author":"Elenice Novello","twitter_card":"summary_large_image","twitter_misc":{"Escrito por":"Elenice Novello","Est. tempo de leitura":"3 minutos"},"schema":{"@context":"https:\/\/schema.org","@graph":[{"@type":"WebPage","@id":"https:\/\/eleniceterapeuta.com.br\/site\/2026\/09\/04\/crise-de-proposito-e-vazio-no-sucesso\/","url":"https:\/\/eleniceterapeuta.com.br\/site\/2026\/09\/04\/crise-de-proposito-e-vazio-no-sucesso\/","name":"O Vazio do Sucesso: Por que atingir metas n\u00e3o preenche o vazio interno? - Elenice","isPartOf":{"@id":"https:\/\/eleniceterapeuta.com.br\/site\/#website"},"primaryImageOfPage":{"@id":"https:\/\/eleniceterapeuta.com.br\/site\/2026\/09\/04\/crise-de-proposito-e-vazio-no-sucesso\/#primaryimage"},"image":{"@id":"https:\/\/eleniceterapeuta.com.br\/site\/2026\/09\/04\/crise-de-proposito-e-vazio-no-sucesso\/#primaryimage"},"thumbnailUrl":"https:\/\/eleniceterapeuta.com.br\/site\/wp-content\/uploads\/2026\/07\/pexels-rodeo-software-515182715-16368794.jpg","datePublished":"2026-09-04T18:43:07+00:00","author":{"@id":"https:\/\/eleniceterapeuta.com.br\/site\/#\/schema\/person\/3ea9c97927187c218e8ccc99dfca9aa1"},"description":"Conquistou tudo o que planejou, mas ainda se sente infeliz? Entenda a psicologia da crise de prop\u00f3sito e sucesso profissional, e como o M\u00e9todo TRACE devolve o sentido \u00e0 sua vida.","breadcrumb":{"@id":"https:\/\/eleniceterapeuta.com.br\/site\/2026\/09\/04\/crise-de-proposito-e-vazio-no-sucesso\/#breadcrumb"},"inLanguage":"pt-BR","potentialAction":[{"@type":"ReadAction","target":["https:\/\/eleniceterapeuta.com.br\/site\/2026\/09\/04\/crise-de-proposito-e-vazio-no-sucesso\/"]}]},{"@type":"ImageObject","inLanguage":"pt-BR","@id":"https:\/\/eleniceterapeuta.com.br\/site\/2026\/09\/04\/crise-de-proposito-e-vazio-no-sucesso\/#primaryimage","url":"https:\/\/eleniceterapeuta.com.br\/site\/wp-content\/uploads\/2026\/07\/pexels-rodeo-software-515182715-16368794.jpg","contentUrl":"https:\/\/eleniceterapeuta.com.br\/site\/wp-content\/uploads\/2026\/07\/pexels-rodeo-software-515182715-16368794.jpg","width":1200,"height":800},{"@type":"BreadcrumbList","@id":"https:\/\/eleniceterapeuta.com.br\/site\/2026\/09\/04\/crise-de-proposito-e-vazio-no-sucesso\/#breadcrumb","itemListElement":[{"@type":"ListItem","position":1,"name":"In\u00edcio","item":"https:\/\/eleniceterapeuta.com.br\/site\/"},{"@type":"ListItem","position":2,"name":"O Vazio do Sucesso: Por que atingir metas n\u00e3o preenche o vazio interno?"}]},{"@type":"WebSite","@id":"https:\/\/eleniceterapeuta.com.br\/site\/#website","url":"https:\/\/eleniceterapeuta.com.br\/site\/","name":"Elenice","description":"Terapias Integrativas","alternateName":"Elenice Terapeuta","potentialAction":[{"@type":"SearchAction","target":{"@type":"EntryPoint","urlTemplate":"https:\/\/eleniceterapeuta.com.br\/site\/?s={search_term_string}"},"query-input":{"@type":"PropertyValueSpecification","valueRequired":true,"valueName":"search_term_string"}}],"inLanguage":"pt-BR"},{"@type":"Person","@id":"https:\/\/eleniceterapeuta.com.br\/site\/#\/schema\/person\/3ea9c97927187c218e8ccc99dfca9aa1","name":"Elenice Novello","image":{"@type":"ImageObject","inLanguage":"pt-BR","@id":"https:\/\/eleniceterapeuta.com.br\/site\/#\/schema\/person\/image\/","url":"https:\/\/secure.gravatar.com\/avatar\/859778a527ee19b59b7a351e7f69f0f5ff529a1db56e51569e5c3b57c9c85974?s=96&d=mm&r=g","contentUrl":"https:\/\/secure.gravatar.com\/avatar\/859778a527ee19b59b7a351e7f69f0f5ff529a1db56e51569e5c3b57c9c85974?s=96&d=mm&r=g","caption":"Elenice Novello"},"url":"https:\/\/eleniceterapeuta.com.br\/site\/author\/eleniceterapeuta\/"}]}},"_links":{"self":[{"href":"https:\/\/eleniceterapeuta.com.br\/site\/wp-json\/wp\/v2\/posts\/2404","targetHints":{"allow":["GET"]}}],"collection":[{"href":"https:\/\/eleniceterapeuta.com.br\/site\/wp-json\/wp\/v2\/posts"}],"about":[{"href":"https:\/\/eleniceterapeuta.com.br\/site\/wp-json\/wp\/v2\/types\/post"}],"author":[{"embeddable":true,"href":"https:\/\/eleniceterapeuta.com.br\/site\/wp-json\/wp\/v2\/users\/5"}],"replies":[{"embeddable":true,"href":"https:\/\/eleniceterapeuta.com.br\/site\/wp-json\/wp\/v2\/comments?post=2404"}],"version-history":[{"count":1,"href":"https:\/\/eleniceterapeuta.com.br\/site\/wp-json\/wp\/v2\/posts\/2404\/revisions"}],"predecessor-version":[{"id":2406,"href":"https:\/\/eleniceterapeuta.com.br\/site\/wp-json\/wp\/v2\/posts\/2404\/revisions\/2406"}],"wp:featuredmedia":[{"embeddable":true,"href":"https:\/\/eleniceterapeuta.com.br\/site\/wp-json\/wp\/v2\/media\/2405"}],"wp:attachment":[{"href":"https:\/\/eleniceterapeuta.com.br\/site\/wp-json\/wp\/v2\/media?parent=2404"}],"wp:term":[{"taxonomy":"category","embeddable":true,"href":"https:\/\/eleniceterapeuta.com.br\/site\/wp-json\/wp\/v2\/categories?post=2404"},{"taxonomy":"post_tag","embeddable":true,"href":"https:\/\/eleniceterapeuta.com.br\/site\/wp-json\/wp\/v2\/tags?post=2404"}],"curies":[{"name":"wp","href":"https:\/\/api.w.org\/{rel}","templated":true}]}}