{"id":2400,"date":"2026-07-27T15:36:53","date_gmt":"2026-07-27T18:36:53","guid":{"rendered":"https:\/\/eleniceterapeuta.com.br\/site\/?p=2400"},"modified":"2026-07-16T15:42:38","modified_gmt":"2026-07-16T18:42:38","slug":"lideranca-consciente-e-inteligencia-emocional","status":"publish","type":"post","link":"https:\/\/eleniceterapeuta.com.br\/site\/2026\/07\/27\/lideranca-consciente-e-inteligencia-emocional\/","title":{"rendered":"Lideran\u00e7a Consciente: Como a Intelig\u00eancia Emocional transforma Equipes"},"content":{"rendered":"<h1 class=\"\" data-path-to-node=\"7\">Lideran\u00e7a Consciente: Voc\u00ea Lidera pelo Medo ou pela Ess\u00eancia?<\/h1>\n<p data-path-to-node=\"8\"><span class=\"\">No ambiente de trabalho moderno,<\/span><span class=\"\"> o verdadeiro conceito de lideran\u00e7a passou por uma profunda transforma\u00e7\u00e3o.<\/span><\/p>\n<p data-path-to-node=\"9\"><span class=\"\">N\u00e3o basta mais ter apenas autoridade t\u00e9cnica ou um cargo de destaque no crach\u00e1; hoje,<\/span><span class=\"\"> o maior diferencial de um gestor \u00e9 a sua <\/span><b class=\"\" data-path-to-node=\"9\" data-index-in-node=\"127\">intelig\u00eancia emocional<\/b><span class=\"\">.<\/span><\/p>\n<p data-path-to-node=\"10\"><span class=\"\">Um l\u00edder que n\u00e3o conhece a si mesmo e aos seus padr\u00f5es comportamentais acaba,<\/span><span class=\"\"> de forma inconsciente,<\/span><span class=\"\"> projetando suas pr\u00f3prias inseguran\u00e7as,<\/span><span class=\"\"> medos e car\u00eancias sobre a sua equipe.<\/span><\/p>\n<p data-path-to-node=\"11\"><span class=\"\">Quando voc\u00ea lidera a partir do seu &#8220;ego&#8221; \u2014 ou seja,<\/span><span class=\"\"> do mecanismo de defesa autom\u00e1tico do seu perfil do Eneagrama \u2014,<\/span><span class=\"\"> o resultado inevit\u00e1vel \u00e9 a cria\u00e7\u00e3o de ambientes cercados por tens\u00e3o,<\/span><span class=\"\"> microgest\u00e3o e desmotiva\u00e7\u00e3o.<\/span><\/p>\n<h2 class=\"\" data-path-to-node=\"13\">Os Desafios do Ego na Lideran\u00e7a<\/h2>\n<p data-path-to-node=\"14\"><span class=\"\">Cada perfil de personalidade carrega talentos incr\u00edveis,<\/span><span class=\"\"> mas tamb\u00e9m pontos cegos que podem sabotar a gest\u00e3o de pessoas.<\/span><span class=\"\"> Veja alguns exemplos pr\u00e1ticos:<\/span><\/p>\n<ul data-path-to-node=\"15\">\n<li>\n<p data-path-to-node=\"15,0,0\"><b class=\"\" data-path-to-node=\"15,0,0\" data-index-in-node=\"0\">O L\u00edder Tipo 8:<\/b><span class=\"\"> Possui uma for\u00e7a de realiza\u00e7\u00e3o natural e uma enorme capacidade de prote\u00e7\u00e3o do time.<\/span><span class=\"\"> No entanto,<\/span><span class=\"\"> se ele estiver agindo pelo medo inconsciente de parecer vulner\u00e1vel,<\/span><span class=\"\"> pode se tornar agressivo,<\/span><span class=\"\"> autorit\u00e1rio e acabar calando as melhores ideias da equipe.<\/span><\/p>\n<\/li>\n<li>\n<p data-path-to-node=\"15,1,0\"><b class=\"\" data-path-to-node=\"15,1,0\" data-index-in-node=\"0\">O L\u00edder Tipo 3:<\/b><span class=\"\"> \u00c9 focado de forma obsessiva em resultados,<\/span><span class=\"\"> prazos e metas.<\/span><span class=\"\"> O seu grande perigo \u00e9 esquecer que a sua equipe \u00e9 feita de seres humanos reais,<\/span><span class=\"\"> levando o time ao esgotamento f\u00edsico e mental por pura falta de reconhecimento emocional e empatia.<\/span><\/p>\n<\/li>\n<\/ul>\n<p data-path-to-node=\"16\"><span class=\"\">O grande desafio de uma <\/span><b class=\"\" data-path-to-node=\"16\" data-index-in-node=\"24\">lideran\u00e7a consciente<\/b><span class=\"\"> \u00e9 aprender a utilizar os talentos naturais do seu eneatipo,<\/span><span class=\"\"> mas sem se tornar uma escrava dos seus comportamentos autom\u00e1ticos sob estresse.<\/span><\/p>\n<h2 class=\"\" data-path-to-node=\"18\">Liderar pela Ess\u00eancia: A Verdadeira Autoridade<\/h2>\n<p data-path-to-node=\"19\"><span class=\"\">No processo terap\u00eautico voltado para carreira e lideran\u00e7a,<\/span><span class=\"\"> n\u00f3s trabalhamos diretamente para clarear o seu <\/span><b class=\"\" data-path-to-node=\"19\" data-index-in-node=\"106\">&#8220;ponto cego&#8221; do comando<\/b><span class=\"\">.<\/span><\/p>\n<p data-path-to-node=\"20\"><span class=\"\">Liderar pela ess\u00eancia significa ter a coragem de ser vulner\u00e1vel,<\/span><span class=\"\"> de ouvir feedbacks com maturidade e de compreender que cada colaborador possui um &#8220;mapa&#8221; de funcionamento totalmente diferente do seu.<\/span><\/p>\n<blockquote class=\"\" data-path-to-node=\"21\">\n<p data-path-to-node=\"21,0\"><b data-path-to-node=\"21,0\" data-index-in-node=\"0\">O autoconhecimento n\u00e3o \u00e9 um luxo para quem lidera; \u00e9 a sua ferramenta de trabalho mais b\u00e1sica e indispens\u00e1vel.<\/b><\/p>\n<\/blockquote>\n<p data-path-to-node=\"22\"><span class=\"\">Quando o l\u00edder se conhece de verdade,<\/span><span class=\"\"> ele deixa de apenas reagir aos problemas e passa a <\/span><b class=\"\" data-path-to-node=\"22\" data-index-in-node=\"89\">responder com sabedoria<\/b><span class=\"\">.<\/span><span class=\"\"> Ele compreende que a verdadeira autoridade nasce da conex\u00e3o,<\/span><span class=\"\"> do respeito e da intelig\u00eancia emocional,<\/span><span class=\"\"> e nunca da imposi\u00e7\u00e3o ou do medo.<\/span><\/p>\n<p data-path-to-node=\"23\"><span class=\"\">O resultado direto dessa mudan\u00e7a de postura \u00e9 uma equipe muito mais engajada,<\/span><span class=\"\"> criativa,<\/span><span class=\"\"> unida e,<\/span><span class=\"\"> consequentemente,<\/span><span class=\"\"> mais produtiva.<\/span><\/p>\n<h3 class=\"\" data-path-to-node=\"25\">Desenvolva a sua lideran\u00e7a inteligente<\/h3>\n<p data-path-to-node=\"26\"><span class=\"\">Se voc\u00ea sente o peso de carregar as responsabilidades da sua equipe sozinha,<\/span><span class=\"\"> ou se percebe que os conflitos di\u00e1rios no trabalho est\u00e3o esgotando a sua energia,<\/span><span class=\"\"> o <\/span><b class=\"\" data-path-to-node=\"26\" data-index-in-node=\"161\">M\u00e9todo TRACE<\/b><span class=\"\"> pode te ajudar a virar essa chave.<\/span><\/p>\n<p data-path-to-node=\"27\"><span class=\"\">Ao integrar o <\/span><b class=\"\" data-path-to-node=\"27\" data-index-in-node=\"14\">Eneagrama<\/b><span class=\"\">,<\/span><span class=\"\"> as din\u00e2micas da <\/span><b class=\"\" data-path-to-node=\"27\" data-index-in-node=\"41\">Constela\u00e7\u00e3o Familiar<\/b><span class=\"\"> e a <\/span><b class=\"\" data-path-to-node=\"27\" data-index-in-node=\"66\">Terapia Integrativa<\/b><span class=\"\">,<\/span><span class=\"\"> n\u00f3s desenhamos um caminho claro para voc\u00ea liderar com muito mais leveza,<\/span><span class=\"\"> autoridade e equil\u00edbrio emocional.<\/span><\/p>\n","protected":false},"excerpt":{"rendered":"<p>Lideran\u00e7a Consciente: Voc\u00ea Lidera pelo Medo ou pela Ess\u00eancia? No ambiente de trabalho moderno, o verdadeiro conceito de lideran\u00e7a passou por uma profunda transforma\u00e7\u00e3o. N\u00e3o basta mais ter apenas autoridade t\u00e9cnica ou um cargo de destaque no crach\u00e1; hoje, o maior diferencial de um gestor \u00e9 a sua intelig\u00eancia emocional. Um l\u00edder que n\u00e3o conhece [&hellip;]<\/p>\n","protected":false},"author":5,"featured_media":2401,"comment_status":"closed","ping_status":"closed","sticky":false,"template":"","format":"standard","meta":{"_joinchat":[],"footnotes":""},"categories":[26],"tags":[94,73,93,66,36,62,83],"class_list":["post-2400","post","type-post","status-publish","format-standard","has-post-thumbnail","hentry","category-blog-elenice","tag-desenvolvimento-de-lideres","tag-elenice-novello","tag-eneagrama-corporativo","tag-gestao-de-pessoas","tag-inteligencia-emocional","tag-lideranca","tag-mentoria-comportamental"],"yoast_head":"<!-- This site is optimized with the Yoast SEO plugin v26.1.1 - https:\/\/yoast.com\/wordpress\/plugins\/seo\/ -->\n<title>Lideran\u00e7a Consciente: Como a Intelig\u00eancia Emocional transforma Equipes - Elenice<\/title>\n<meta name=\"description\" content=\"Liderar n\u00e3o \u00e9 apenas dar ordens, \u00e9 entender pessoas. Descubra como a lideran\u00e7a e intelig\u00eancia emocional, aliadas ao Eneagrama, criam l\u00edderes mais humanos com o M\u00e9todo TRACE.\" \/>\n<meta name=\"robots\" content=\"index, follow, max-snippet:-1, max-image-preview:large, max-video-preview:-1\" \/>\n<link rel=\"canonical\" href=\"https:\/\/eleniceterapeuta.com.br\/site\/2026\/07\/27\/lideranca-consciente-e-inteligencia-emocional\/\" \/>\n<meta property=\"og:locale\" content=\"pt_BR\" \/>\n<meta property=\"og:type\" content=\"article\" \/>\n<meta property=\"og:title\" content=\"Lideran\u00e7a Consciente: Como a Intelig\u00eancia Emocional transforma Equipes - Elenice\" \/>\n<meta property=\"og:description\" content=\"Liderar n\u00e3o \u00e9 apenas dar ordens, \u00e9 entender pessoas. Descubra como a lideran\u00e7a e intelig\u00eancia emocional, aliadas ao Eneagrama, criam l\u00edderes mais humanos com o M\u00e9todo TRACE.\" \/>\n<meta property=\"og:url\" content=\"https:\/\/eleniceterapeuta.com.br\/site\/2026\/07\/27\/lideranca-consciente-e-inteligencia-emocional\/\" \/>\n<meta property=\"og:site_name\" content=\"Elenice\" \/>\n<meta property=\"article:published_time\" content=\"2026-07-27T18:36:53+00:00\" \/>\n<meta property=\"og:image\" content=\"https:\/\/eleniceterapeuta.com.br\/site\/wp-content\/uploads\/2026\/07\/pexels-vlada-karpovich-7433912.jpg\" \/>\n\t<meta property=\"og:image:width\" content=\"1200\" \/>\n\t<meta property=\"og:image:height\" content=\"800\" \/>\n\t<meta property=\"og:image:type\" content=\"image\/jpeg\" \/>\n<meta name=\"author\" content=\"Elenice Novello\" \/>\n<meta name=\"twitter:card\" content=\"summary_large_image\" \/>\n<meta name=\"twitter:label1\" content=\"Escrito por\" \/>\n\t<meta name=\"twitter:data1\" content=\"Elenice Novello\" \/>\n\t<meta name=\"twitter:label2\" content=\"Est. tempo de leitura\" \/>\n\t<meta name=\"twitter:data2\" content=\"3 minutos\" \/>\n<script type=\"application\/ld+json\" class=\"yoast-schema-graph\">{\"@context\":\"https:\/\/schema.org\",\"@graph\":[{\"@type\":\"WebPage\",\"@id\":\"https:\/\/eleniceterapeuta.com.br\/site\/2026\/07\/27\/lideranca-consciente-e-inteligencia-emocional\/\",\"url\":\"https:\/\/eleniceterapeuta.com.br\/site\/2026\/07\/27\/lideranca-consciente-e-inteligencia-emocional\/\",\"name\":\"Lideran\u00e7a Consciente: Como a Intelig\u00eancia Emocional transforma Equipes - Elenice\",\"isPartOf\":{\"@id\":\"https:\/\/eleniceterapeuta.com.br\/site\/#website\"},\"primaryImageOfPage\":{\"@id\":\"https:\/\/eleniceterapeuta.com.br\/site\/2026\/07\/27\/lideranca-consciente-e-inteligencia-emocional\/#primaryimage\"},\"image\":{\"@id\":\"https:\/\/eleniceterapeuta.com.br\/site\/2026\/07\/27\/lideranca-consciente-e-inteligencia-emocional\/#primaryimage\"},\"thumbnailUrl\":\"https:\/\/eleniceterapeuta.com.br\/site\/wp-content\/uploads\/2026\/07\/pexels-vlada-karpovich-7433912.jpg\",\"datePublished\":\"2026-07-27T18:36:53+00:00\",\"author\":{\"@id\":\"https:\/\/eleniceterapeuta.com.br\/site\/#\/schema\/person\/3ea9c97927187c218e8ccc99dfca9aa1\"},\"description\":\"Liderar n\u00e3o \u00e9 apenas dar ordens, \u00e9 entender pessoas. Descubra como a lideran\u00e7a e intelig\u00eancia emocional, aliadas ao Eneagrama, criam l\u00edderes mais humanos com o M\u00e9todo TRACE.\",\"breadcrumb\":{\"@id\":\"https:\/\/eleniceterapeuta.com.br\/site\/2026\/07\/27\/lideranca-consciente-e-inteligencia-emocional\/#breadcrumb\"},\"inLanguage\":\"pt-BR\",\"potentialAction\":[{\"@type\":\"ReadAction\",\"target\":[\"https:\/\/eleniceterapeuta.com.br\/site\/2026\/07\/27\/lideranca-consciente-e-inteligencia-emocional\/\"]}]},{\"@type\":\"ImageObject\",\"inLanguage\":\"pt-BR\",\"@id\":\"https:\/\/eleniceterapeuta.com.br\/site\/2026\/07\/27\/lideranca-consciente-e-inteligencia-emocional\/#primaryimage\",\"url\":\"https:\/\/eleniceterapeuta.com.br\/site\/wp-content\/uploads\/2026\/07\/pexels-vlada-karpovich-7433912.jpg\",\"contentUrl\":\"https:\/\/eleniceterapeuta.com.br\/site\/wp-content\/uploads\/2026\/07\/pexels-vlada-karpovich-7433912.jpg\",\"width\":1200,\"height\":800},{\"@type\":\"BreadcrumbList\",\"@id\":\"https:\/\/eleniceterapeuta.com.br\/site\/2026\/07\/27\/lideranca-consciente-e-inteligencia-emocional\/#breadcrumb\",\"itemListElement\":[{\"@type\":\"ListItem\",\"position\":1,\"name\":\"In\u00edcio\",\"item\":\"https:\/\/eleniceterapeuta.com.br\/site\/\"},{\"@type\":\"ListItem\",\"position\":2,\"name\":\"Lideran\u00e7a Consciente: Como a Intelig\u00eancia Emocional transforma Equipes\"}]},{\"@type\":\"WebSite\",\"@id\":\"https:\/\/eleniceterapeuta.com.br\/site\/#website\",\"url\":\"https:\/\/eleniceterapeuta.com.br\/site\/\",\"name\":\"Elenice\",\"description\":\"Terapias Integrativas\",\"alternateName\":\"Elenice Terapeuta\",\"potentialAction\":[{\"@type\":\"SearchAction\",\"target\":{\"@type\":\"EntryPoint\",\"urlTemplate\":\"https:\/\/eleniceterapeuta.com.br\/site\/?s={search_term_string}\"},\"query-input\":{\"@type\":\"PropertyValueSpecification\",\"valueRequired\":true,\"valueName\":\"search_term_string\"}}],\"inLanguage\":\"pt-BR\"},{\"@type\":\"Person\",\"@id\":\"https:\/\/eleniceterapeuta.com.br\/site\/#\/schema\/person\/3ea9c97927187c218e8ccc99dfca9aa1\",\"name\":\"Elenice Novello\",\"image\":{\"@type\":\"ImageObject\",\"inLanguage\":\"pt-BR\",\"@id\":\"https:\/\/eleniceterapeuta.com.br\/site\/#\/schema\/person\/image\/\",\"url\":\"https:\/\/secure.gravatar.com\/avatar\/859778a527ee19b59b7a351e7f69f0f5ff529a1db56e51569e5c3b57c9c85974?s=96&d=mm&r=g\",\"contentUrl\":\"https:\/\/secure.gravatar.com\/avatar\/859778a527ee19b59b7a351e7f69f0f5ff529a1db56e51569e5c3b57c9c85974?s=96&d=mm&r=g\",\"caption\":\"Elenice Novello\"},\"url\":\"https:\/\/eleniceterapeuta.com.br\/site\/author\/eleniceterapeuta\/\"}]}<\/script>\n<!-- \/ Yoast SEO plugin. -->","yoast_head_json":{"title":"Lideran\u00e7a Consciente: Como a Intelig\u00eancia Emocional transforma Equipes - Elenice","description":"Liderar n\u00e3o \u00e9 apenas dar ordens, \u00e9 entender pessoas. Descubra como a lideran\u00e7a e intelig\u00eancia emocional, aliadas ao Eneagrama, criam l\u00edderes mais humanos com o M\u00e9todo TRACE.","robots":{"index":"index","follow":"follow","max-snippet":"max-snippet:-1","max-image-preview":"max-image-preview:large","max-video-preview":"max-video-preview:-1"},"canonical":"https:\/\/eleniceterapeuta.com.br\/site\/2026\/07\/27\/lideranca-consciente-e-inteligencia-emocional\/","og_locale":"pt_BR","og_type":"article","og_title":"Lideran\u00e7a Consciente: Como a Intelig\u00eancia Emocional transforma Equipes - Elenice","og_description":"Liderar n\u00e3o \u00e9 apenas dar ordens, \u00e9 entender pessoas. Descubra como a lideran\u00e7a e intelig\u00eancia emocional, aliadas ao Eneagrama, criam l\u00edderes mais humanos com o M\u00e9todo TRACE.","og_url":"https:\/\/eleniceterapeuta.com.br\/site\/2026\/07\/27\/lideranca-consciente-e-inteligencia-emocional\/","og_site_name":"Elenice","article_published_time":"2026-07-27T18:36:53+00:00","og_image":[{"width":1200,"height":800,"url":"https:\/\/eleniceterapeuta.com.br\/site\/wp-content\/uploads\/2026\/07\/pexels-vlada-karpovich-7433912.jpg","type":"image\/jpeg"}],"author":"Elenice Novello","twitter_card":"summary_large_image","twitter_misc":{"Escrito por":"Elenice Novello","Est. tempo de leitura":"3 minutos"},"schema":{"@context":"https:\/\/schema.org","@graph":[{"@type":"WebPage","@id":"https:\/\/eleniceterapeuta.com.br\/site\/2026\/07\/27\/lideranca-consciente-e-inteligencia-emocional\/","url":"https:\/\/eleniceterapeuta.com.br\/site\/2026\/07\/27\/lideranca-consciente-e-inteligencia-emocional\/","name":"Lideran\u00e7a Consciente: Como a Intelig\u00eancia Emocional transforma Equipes - Elenice","isPartOf":{"@id":"https:\/\/eleniceterapeuta.com.br\/site\/#website"},"primaryImageOfPage":{"@id":"https:\/\/eleniceterapeuta.com.br\/site\/2026\/07\/27\/lideranca-consciente-e-inteligencia-emocional\/#primaryimage"},"image":{"@id":"https:\/\/eleniceterapeuta.com.br\/site\/2026\/07\/27\/lideranca-consciente-e-inteligencia-emocional\/#primaryimage"},"thumbnailUrl":"https:\/\/eleniceterapeuta.com.br\/site\/wp-content\/uploads\/2026\/07\/pexels-vlada-karpovich-7433912.jpg","datePublished":"2026-07-27T18:36:53+00:00","author":{"@id":"https:\/\/eleniceterapeuta.com.br\/site\/#\/schema\/person\/3ea9c97927187c218e8ccc99dfca9aa1"},"description":"Liderar n\u00e3o \u00e9 apenas dar ordens, \u00e9 entender pessoas. Descubra como a lideran\u00e7a e intelig\u00eancia emocional, aliadas ao Eneagrama, criam l\u00edderes mais humanos com o M\u00e9todo TRACE.","breadcrumb":{"@id":"https:\/\/eleniceterapeuta.com.br\/site\/2026\/07\/27\/lideranca-consciente-e-inteligencia-emocional\/#breadcrumb"},"inLanguage":"pt-BR","potentialAction":[{"@type":"ReadAction","target":["https:\/\/eleniceterapeuta.com.br\/site\/2026\/07\/27\/lideranca-consciente-e-inteligencia-emocional\/"]}]},{"@type":"ImageObject","inLanguage":"pt-BR","@id":"https:\/\/eleniceterapeuta.com.br\/site\/2026\/07\/27\/lideranca-consciente-e-inteligencia-emocional\/#primaryimage","url":"https:\/\/eleniceterapeuta.com.br\/site\/wp-content\/uploads\/2026\/07\/pexels-vlada-karpovich-7433912.jpg","contentUrl":"https:\/\/eleniceterapeuta.com.br\/site\/wp-content\/uploads\/2026\/07\/pexels-vlada-karpovich-7433912.jpg","width":1200,"height":800},{"@type":"BreadcrumbList","@id":"https:\/\/eleniceterapeuta.com.br\/site\/2026\/07\/27\/lideranca-consciente-e-inteligencia-emocional\/#breadcrumb","itemListElement":[{"@type":"ListItem","position":1,"name":"In\u00edcio","item":"https:\/\/eleniceterapeuta.com.br\/site\/"},{"@type":"ListItem","position":2,"name":"Lideran\u00e7a Consciente: Como a Intelig\u00eancia Emocional transforma Equipes"}]},{"@type":"WebSite","@id":"https:\/\/eleniceterapeuta.com.br\/site\/#website","url":"https:\/\/eleniceterapeuta.com.br\/site\/","name":"Elenice","description":"Terapias Integrativas","alternateName":"Elenice Terapeuta","potentialAction":[{"@type":"SearchAction","target":{"@type":"EntryPoint","urlTemplate":"https:\/\/eleniceterapeuta.com.br\/site\/?s={search_term_string}"},"query-input":{"@type":"PropertyValueSpecification","valueRequired":true,"valueName":"search_term_string"}}],"inLanguage":"pt-BR"},{"@type":"Person","@id":"https:\/\/eleniceterapeuta.com.br\/site\/#\/schema\/person\/3ea9c97927187c218e8ccc99dfca9aa1","name":"Elenice Novello","image":{"@type":"ImageObject","inLanguage":"pt-BR","@id":"https:\/\/eleniceterapeuta.com.br\/site\/#\/schema\/person\/image\/","url":"https:\/\/secure.gravatar.com\/avatar\/859778a527ee19b59b7a351e7f69f0f5ff529a1db56e51569e5c3b57c9c85974?s=96&d=mm&r=g","contentUrl":"https:\/\/secure.gravatar.com\/avatar\/859778a527ee19b59b7a351e7f69f0f5ff529a1db56e51569e5c3b57c9c85974?s=96&d=mm&r=g","caption":"Elenice Novello"},"url":"https:\/\/eleniceterapeuta.com.br\/site\/author\/eleniceterapeuta\/"}]}},"_links":{"self":[{"href":"https:\/\/eleniceterapeuta.com.br\/site\/wp-json\/wp\/v2\/posts\/2400","targetHints":{"allow":["GET"]}}],"collection":[{"href":"https:\/\/eleniceterapeuta.com.br\/site\/wp-json\/wp\/v2\/posts"}],"about":[{"href":"https:\/\/eleniceterapeuta.com.br\/site\/wp-json\/wp\/v2\/types\/post"}],"author":[{"embeddable":true,"href":"https:\/\/eleniceterapeuta.com.br\/site\/wp-json\/wp\/v2\/users\/5"}],"replies":[{"embeddable":true,"href":"https:\/\/eleniceterapeuta.com.br\/site\/wp-json\/wp\/v2\/comments?post=2400"}],"version-history":[{"count":1,"href":"https:\/\/eleniceterapeuta.com.br\/site\/wp-json\/wp\/v2\/posts\/2400\/revisions"}],"predecessor-version":[{"id":2402,"href":"https:\/\/eleniceterapeuta.com.br\/site\/wp-json\/wp\/v2\/posts\/2400\/revisions\/2402"}],"wp:featuredmedia":[{"embeddable":true,"href":"https:\/\/eleniceterapeuta.com.br\/site\/wp-json\/wp\/v2\/media\/2401"}],"wp:attachment":[{"href":"https:\/\/eleniceterapeuta.com.br\/site\/wp-json\/wp\/v2\/media?parent=2400"}],"wp:term":[{"taxonomy":"category","embeddable":true,"href":"https:\/\/eleniceterapeuta.com.br\/site\/wp-json\/wp\/v2\/categories?post=2400"},{"taxonomy":"post_tag","embeddable":true,"href":"https:\/\/eleniceterapeuta.com.br\/site\/wp-json\/wp\/v2\/tags?post=2400"}],"curies":[{"name":"wp","href":"https:\/\/api.w.org\/{rel}","templated":true}]}}